{"id":8969,"date":"2018-05-08T21:42:38","date_gmt":"2018-05-08T20:42:38","guid":{"rendered":"http:\/\/euinfo.rs\/plac2\/?p=8969"},"modified":"2018-05-14T09:11:48","modified_gmt":"2018-05-14T08:11:48","slug":"priznavanje-profesionalnih-kvalifikacija-u-sektoru-zdravstva","status":"publish","type":"post","link":"http:\/\/euinfo.rs\/plac2\/priznavanje-profesionalnih-kvalifikacija-u-sektoru-zdravstva\/","title":{"rendered":"Priznavanje profesionalnih kvalifikacija u sektoru zdravstva"},"content":{"rendered":"<p>Na osnovu Izve\u0161taja o skriningu za poglavlje 3 &#8211; Pravo poslovnog nastanjivanja i sloboda pru\u017eanja usluga, Srbija treba da pripremi sveobuhvatnu strategiju za uskla\u0111ivanje sa pravnim tekovinama koje se odnose na profesionalne kvalifikacije. Strategija treba da pokrije sve neophodne reforme u smislu uskla\u0111ivanja zakonodavstva i izgradnje institucionalnih kapaciteta, a tako\u0111e treba da obuhvati i prilago\u0111avanje obuke doktora, stomatologa, medicinskih sestara, babica, farmaceuta i veterinara, u skladu sa minimalnim uslovima za obuku utvr\u0111enim Direktivom 2005\/36 \/ EC i Direktivom 2013\/55 \/ \u200b\u200bEU.<\/p>\n<p>U cilju potpunog uskla\u0111ivanja nacionalnog zakonodavstva sa pravnim tekovinama EU, projekat Pravna podr\u0161ka pregovorima pomogao je Ministarstvu zdravlja da oceni nivo uskla\u0111enosti kako postojec\u0301eg zakonodavstva, tako i nacrta novog zakona, zatim da razvije okvir sistema za priznavanje profesionalnih kvalifikacija, kao i da defini\u0161e dalje korake za uskla\u0111ivanje u ovoj oblasti, u skladu sa odredbama NPAA.<\/p>\n<p>Preciznije, analizirana je uskla\u0111enost Nacrta zakona o zdravstvenoj za\u0161titi i Zakona o komorama zdravstvenih radnika sa odredbama relevantnih direktiva i pripremljeni su predlozi neophodnih izmena. Ekspert projekta, Marta Sjeni\u010di\u0107, analizirala je relevantne podzakonske akte koji su trenutno na snazi i izradila predloge izmena. Me\u0111u aktima su Pravilnik o specijalizacijama i u\u017eim specijalizacijima zdravstvenih radnika i zdravstvenih saradnika, Pravilnik o bli\u017eim uslovima za obavljanje zdravstvene delatnosti u zdravstvenim ustanovama i drugim oblicima zdravstvene slu\u017ebe, Pravilnik o uslovima i na\u010dinu unutra\u0161nje organizacije zdravstvenih ustanova, Pravilnik o detaljnim uslovima za izdavanje, obnavljanje i oduzimanje licence \u010dlanovima komora zdravstvenih radnika.<\/p>\n<p>Osim toga, pripremljena je uporedna pravna analiza u vezi sa priznavanjem stranih medicinskih stru\u010dnih specijalizacija kao osnova za dalju diskusiju o ovom pitanju na nacionalnom nivou.<\/p>\n<div class=\"box box0\"><h4><strong>Relevantni EU propisi:<\/strong><\/h4>\n<ul class=\"list list0\">\n<li><a href=\"https:\/\/eur-lex.europa.eu\/legal-content\/EN\/TXT\/?uri=celex%3A32005L0036\" target=\"_blank\" rel=\"external nofollow\" >Directive 2005\/36\/\u0415C<\/a><\/li>\n<li><a href=\"https:\/\/eur-lex.europa.eu\/legal-content\/EN\/ALL\/?uri=celex%3A32013L0055\" target=\"_blank\" rel=\"external nofollow\" >Directive 2013\/55\/EU<\/a><\/li>\n<\/ul><\/div><\/p>","protected":false},"excerpt":{"rendered":"<p>Na osnovu Izve\u0161taja o skriningu za poglavlje 3 &#8211; Pravo poslovnog nastanjivanja i sloboda pru\u017eanja usluga, Srbija treba da pripremi sveobuhvatnu strategiju za uskla\u0111ivanje sa pravnim tekovinama koje se odnose na profesionalne kvalifikacije. Strategija treba da pokrije sve neophodne reforme u smislu uskla\u0111ivanja zakonodavstva i izgradnje institucionalnih kapaciteta, a tako\u0111e treba da obuhvati i prilago\u0111avanje [&hellip;]<\/p>\n","protected":false},"author":3,"featured_media":8970,"comment_status":"closed","ping_status":"closed","sticky":false,"template":"","format":"standard","meta":[],"categories":[1],"tags":[145,146,79,52,143,144,65],"_links":{"self":[{"href":"http:\/\/euinfo.rs\/plac2\/wp-json\/wp\/v2\/posts\/8969"}],"collection":[{"href":"http:\/\/euinfo.rs\/plac2\/wp-json\/wp\/v2\/posts"}],"about":[{"href":"http:\/\/euinfo.rs\/plac2\/wp-json\/wp\/v2\/types\/post"}],"author":[{"embeddable":true,"href":"http:\/\/euinfo.rs\/plac2\/wp-json\/wp\/v2\/users\/3"}],"replies":[{"embeddable":true,"href":"http:\/\/euinfo.rs\/plac2\/wp-json\/wp\/v2\/comments?post=8969"}],"version-history":[{"count":0,"href":"http:\/\/euinfo.rs\/plac2\/wp-json\/wp\/v2\/posts\/8969\/revisions"}],"wp:featuredmedia":[{"embeddable":true,"href":"http:\/\/euinfo.rs\/plac2\/wp-json\/wp\/v2\/media\/8970"}],"wp:attachment":[{"href":"http:\/\/euinfo.rs\/plac2\/wp-json\/wp\/v2\/media?parent=8969"}],"wp:term":[{"taxonomy":"category","embeddable":true,"href":"http:\/\/euinfo.rs\/plac2\/wp-json\/wp\/v2\/categories?post=8969"},{"taxonomy":"post_tag","embeddable":true,"href":"http:\/\/euinfo.rs\/plac2\/wp-json\/wp\/v2\/tags?post=8969"}],"curies":[{"name":"wp","href":"https:\/\/api.w.org\/{rel}","templated":true}]}}