{"id":8756,"date":"2017-07-17T09:30:34","date_gmt":"2017-07-17T08:30:34","guid":{"rendered":"http:\/\/euinfo.rs\/plac2\/?p=8756"},"modified":"2018-01-09T18:18:48","modified_gmt":"2018-01-09T17:18:48","slug":"izbor-sema-direktnih-placanja-u-okviru-zajednicke-poljoprivredne-politike","status":"publish","type":"post","link":"http:\/\/euinfo.rs\/plac2\/izbor-sema-direktnih-placanja-u-okviru-zajednicke-poljoprivredne-politike\/","title":{"rendered":"Izbor \u0161ema direktnih pla\u0107anja u okviru Zajedni\u010dke poljoprivredne politike"},"content":{"rendered":"<p>Direktna plac\u0301anja poljoprivrednim proizvo\u0111a\u010dima su najva\u017enija horizontalna politika u okviru Zajedni\u010dke poljoprivredne politike EU. Uklju\u010duju skup \u0161ema od kojih su neke obavezne za dr\u017eave \u010dlanice, a neki nisu. Nivo podr\u0161ke u pojedinim sektorima zavisi od odabranih \u0161ema i na taj na\u010din uti\u010de na prihode poljoprivrednika. S obzirom na to da primena svake od \u0161ema zahteva posebne mere i pravila, zemlja kandidat treba unapred da proceni najefektivniju kombinaciju.<\/p>\n<p>Pre pristupanja Evropskoj uniji, dr\u017eava mora da uspostavi odgovarajuc\u0301e mehanizme za implementaciju, kao i da sprovede odgovarajuc\u0301u obuku poljoprivrednika. Budu\u0107i da ne postoji jedninstven i zvani\u010dan na\u010din obra\u010duna, projekat Pravna podr\u0161ka pregovorima je pru\u017eio pomo\u0107 Ministarstvu poljoprivrede i za\u0161tite \u017eivotne sredine u proceni nivoa finansijskih sredstava i definisanju mogu\u0107ih scenarija za izbor \u0161ema direktnih pla\u0107anja.<\/p>\n<p>Tokom maja 2017. godine, eksperti projekta Ru\u017eica Gelo i \u017daklina Juri\u0161i\u0107 su odr\u017eale obuku o direktnim pla\u0107anjima i razli\u010ditim opcijama predvi\u0111enim pravnim tekovinama EU, sa detaljnim informacijama o svakoj od \u0161ema. Na osnovu analize statisti\u010dkih podataka, izradile su metodologiju za pripremu razli\u010ditih scenarija odabira \u0161ema direktnih plac\u0301anja.<\/p>\n<p>Tokom radionice odr\u017eane u Vr\u0161cu, od 27. do 29. juna 2017. godine, predstavljeno je pet moguc\u0301ih scenarija u oblasti proizvodnje biljnih i sto\u010darskih proizvoda, nakon \u010dega je usledio zajedni\u010dki rad sa predstavnicima Ministarstva (iz Sektora za poljoprivrednu politiku, Sektora za me\u0111unarodnu saradnj i Uprave za agrarna plac\u0301anja) i Republi\u010dkog zavoda za statistiku.<\/p>\n<div class=\"box box0\"><h4><strong>Relevantni EU propisi:<\/strong><\/h4>\n<ul class=\"list list0\">\n<li><a href=\"http:\/\/eur-lex.europa.eu\/legal-content\/HR\/TXT\/HTML\/?uri=CELEX:32013R1307&amp;from=en\" target=\"_blank\" rel=\"external nofollow\" >Uredba (EU) 1307\/2013<\/a><\/li>\n<\/ul><\/div><\/p>","protected":false},"excerpt":{"rendered":"<p>Direktna plac\u0301anja poljoprivrednim proizvo\u0111a\u010dima su najva\u017enija horizontalna politika u okviru Zajedni\u010dke poljoprivredne politike EU. Uklju\u010duju skup \u0161ema od kojih su neke obavezne za dr\u017eave \u010dlanice, a neki nisu. Nivo podr\u0161ke u pojedinim sektorima zavisi od odabranih \u0161ema i na taj na\u010din uti\u010de na prihode poljoprivrednika. S obzirom na to da primena svake od \u0161ema zahteva [&hellip;]<\/p>\n","protected":false},"author":3,"featured_media":8757,"comment_status":"closed","ping_status":"closed","sticky":false,"template":"","format":"standard","meta":[],"categories":[1],"tags":[102,55,52,65,57],"_links":{"self":[{"href":"http:\/\/euinfo.rs\/plac2\/wp-json\/wp\/v2\/posts\/8756"}],"collection":[{"href":"http:\/\/euinfo.rs\/plac2\/wp-json\/wp\/v2\/posts"}],"about":[{"href":"http:\/\/euinfo.rs\/plac2\/wp-json\/wp\/v2\/types\/post"}],"author":[{"embeddable":true,"href":"http:\/\/euinfo.rs\/plac2\/wp-json\/wp\/v2\/users\/3"}],"replies":[{"embeddable":true,"href":"http:\/\/euinfo.rs\/plac2\/wp-json\/wp\/v2\/comments?post=8756"}],"version-history":[{"count":0,"href":"http:\/\/euinfo.rs\/plac2\/wp-json\/wp\/v2\/posts\/8756\/revisions"}],"wp:featuredmedia":[{"embeddable":true,"href":"http:\/\/euinfo.rs\/plac2\/wp-json\/wp\/v2\/media\/8757"}],"wp:attachment":[{"href":"http:\/\/euinfo.rs\/plac2\/wp-json\/wp\/v2\/media?parent=8756"}],"wp:term":[{"taxonomy":"category","embeddable":true,"href":"http:\/\/euinfo.rs\/plac2\/wp-json\/wp\/v2\/categories?post=8756"},{"taxonomy":"post_tag","embeddable":true,"href":"http:\/\/euinfo.rs\/plac2\/wp-json\/wp\/v2\/tags?post=8756"}],"curies":[{"name":"wp","href":"https:\/\/api.w.org\/{rel}","templated":true}]}}